[{"@context":"https:\/\/schema.org\/","@type":"Article","@id":"https:\/\/www.krusec.cz\/sve-obleceni-si-setrete\/#Article","mainEntityOfPage":"https:\/\/www.krusec.cz\/sve-obleceni-si-setrete\/","headline":"Sv\u00e9 oble\u010den\u00ed si \u0161et\u0159ete","name":"Sv\u00e9 oble\u010den\u00ed si \u0161et\u0159ete","description":"M\u00e1te velkou spot\u0159ebu tri\u010dek, kalhot, nebo vest, proto\u017ee tyto \u010d\u00e1sti oble\u010den\u00ed pou\u017e\u00edv\u00e1te v zam\u011bstn\u00e1n\u00ed, ale i mimo n\u011b? Pro\u010d neuplat\u0148ujete sv\u016fj n\u00e1rok na pracovn\u00ed od\u011bvy? [&hellip;]","datePublished":"2017-03-13","dateModified":"2017-03-13","author":{"@type":"Person","@id":"https:\/\/www.krusec.cz\/author\/#Person","name":"","url":"https:\/\/www.krusec.cz\/author\/","identifier":1,"image":{"@type":"ImageObject","@id":"https:\/\/secure.gravatar.com\/avatar\/3c4e99fa9a9806cd5e8fd7cac6ca73ff5bbf5f3ee309e1745415eebd31482909?s=96&d=mm&r=g","url":"https:\/\/secure.gravatar.com\/avatar\/3c4e99fa9a9806cd5e8fd7cac6ca73ff5bbf5f3ee309e1745415eebd31482909?s=96&d=mm&r=g","height":96,"width":96}},"publisher":{"@type":"Organization","name":"krusec.cz","logo":{"@type":"ImageObject","@id":"\/logo.png","url":"\/logo.png","width":600,"height":60}},"url":"https:\/\/www.krusec.cz\/sve-obleceni-si-setrete\/","about":["Moto"],"wordCount":441,"articleBody":"M\u00e1te velkou spot\u0159ebu tri\u010dek, kalhot, nebo vest, proto\u017ee tyto \u010d\u00e1sti oble\u010den\u00ed pou\u017e\u00edv\u00e1te v zam\u011bstn\u00e1n\u00ed, ale i mimo n\u011b? Pro\u010d neuplat\u0148ujete sv\u016fj n\u00e1rok na pracovn\u00ed od\u011bvy? \u00b7 Proto\u017ee nechcete vypadat, jako \u0161a\u0161ek? \u00b7 Proto\u017ee se V\u00e1m u\u017e fasovan\u00e9 oble\u010den\u00ed d\u00e1vno rozpadlo? \u00b7 Proto\u017ee \u0161et\u0159\u00edte kapsu sv\u00e9ho chlebod\u00e1rce? Hm, zvl\u00e1\u0161tn\u00ed d\u016fvody. \u0160a\u0161kem mysl\u00edte to, \u017ee dost\u00e1v\u00e1te ochrann\u00e9 od\u011bvy, kter\u00e9 by se daly naz\u00fdvat neslu\u0161iv\u00e9? To vypad\u00e1, \u017ee jste u\u017e d\u00e1vno nevid\u011bl nab\u00eddku , kter\u00e1 uspokoj\u00ed lecjak\u00e9ho n\u00e1ro\u010dn\u00e9 pracovn\u00edka! Co tam m\u00e1te d\u00e1l? U\u017e m\u00e1te potrhan\u00e9 tri\u010dka a vesty, tak\u017ee pou\u017e\u00edv\u00e1te ty svoje z domova. A a\u017e se rozpadnou i ty, to si budete muset j\u00edt koupit nov\u00e9, vi\u010fte? A za svoje? S t\u00edm asi souvis\u00ed to, \u017ee V\u00e1\u0161 zam\u011bstnavatel pravd\u011bpodobn\u011b plat\u00ed Va\u0161i odvedenou pr\u00e1ci tak, \u017ee \u010d\u00edm m\u00e9n\u011b n\u011bco po\u017eadujete, t\u00edm v\u00edce V\u00e1m plat\u00ed? To je \u0159ece p\u011bkn\u00e1 hloupost! Nebo pro\u010d? Neum\u00edte ani s\u00e1m odpov\u011bd\u011bt, vi\u010fte?Zapome\u0148te na sv\u00e9 d\u016fvody, pro\u010d nem\u00e1te dostate\u010dn\u011b vybavenou sk\u0159\u00ed\u0148ku v pr\u00e1ci, a p\u0159esta\u0148te opot\u0159ebov\u00e1vat sv\u00e9 oble\u010den\u00ed. Pod\u00edvejte se, na pracovn\u00ed od\u011bvy m\u00e1te n\u00e1rok a vybrat si ze \u0161irok\u00e9 nab\u00eddky, nebude pro nikoho \u017e\u00e1dn\u00fd probl\u00e9m! Tud\u00ed\u017e ani pro V\u00e1s. Ze v\u0161eho nejd\u0159\u00edv si proje\u010fte sv\u016fj pracovn\u00ed den, pracovn\u00ed n\u00e1pl\u0148 a soust\u0159e\u010fte se na to, v \u010dem pracujete, a co pot\u0159ebujete, pokud se Va\u0161e pr\u00e1ce odehr\u00e1v\u00e1 i mimo v\u00fdrobn\u00ed halu. Co tedy pot\u0159ebujete, abyste mohl vykon\u00e1vat sv\u00e9 pracovn\u00ed povinnosti, kter\u00e9 V\u00e1m zam\u011bstnavatel ukl\u00e1d\u00e1? \u00b7 Zimn\u00ed, nebo nepromokavou bundu, vestu, \u00b7 tri\u010dka s kr\u00e1tk\u00fdm, nebo dlouh\u00fdm ruk\u00e1vem, \u00b7 pracovn\u00ed kalhoty, nebo mont\u00e9rky s mont\u00e9rkovou bundou, \u00b7 pl\u00e1\u0161\u0165, nebo pracovn\u00ed z\u00e1st\u011bru? Sepi\u0161te si v\u0161echno, co opravdu upot\u0159eb\u00edte a sv\u016fj n\u00e1vrh p\u0159edlo\u017ete zam\u011bstnavateli. P\u0159ece nem\u00e1te d\u016fvod ni\u010dit si sv\u00e9 oble\u010den\u00ed.A v\u00edte, co?  Pracovn\u00ed od\u011bvy jsou nab\u00edzeny v \u0159\u00e1dn\u00e9 kvalit\u011b, aby ochra\u0148ovaly! Jsou p\u0159esn\u011b k t\u011bmto pracovn\u00edm \u00fa\u010del\u016fm vyr\u00e1b\u011bny. Maj\u00ed r\u016fzn\u011b vrstven\u00e9 materi\u00e1ly. Spl\u0148uj\u00ed podm\u00ednky prody\u0161nosti. A nav\u00edc jsou vyr\u00e1b\u011bny tak, aby pracuj\u00edc\u00edm slu\u0161ely!                                                                                                                                                                                                                                                                                                                                                                                        4.1\/5 - (8 votes)        "},{"@context":"https:\/\/schema.org\/","@type":"BreadcrumbList","itemListElement":[{"@type":"ListItem","position":1,"name":"Sv\u00e9 oble\u010den\u00ed si \u0161et\u0159ete","item":"https:\/\/www.krusec.cz\/sve-obleceni-si-setrete\/#breadcrumbitem"}]}]