[{"@context":"https:\/\/schema.org\/","@type":"Article","@id":"https:\/\/www.krusec.cz\/skrine-na-obleceni\/#Article","mainEntityOfPage":"https:\/\/www.krusec.cz\/skrine-na-obleceni\/","headline":"Sk\u0159\u00edn\u011b na oble\u010den\u00ed","name":"Sk\u0159\u00edn\u011b na oble\u010den\u00ed","description":"V\u00edte, k \u010demu jsou sk\u0159\u00edn\u011b? Ka\u017ed\u00fd m\u00e1 n\u011bjak\u00e9 sk\u0159\u00edn\u011b. N\u011bkdo men\u0161\u00ed a n\u011bkdo v\u011bt\u0161\u00ed a prostorn\u011bj\u0161\u00ed. To z\u00e1le\u017e\u00ed na ka\u017ed\u00e9m, jak\u00e9 vestav\u011bn\u00e9 sk\u0159\u00edn\u011b praha si [&hellip;]","datePublished":"2024-01-06","dateModified":"2024-03-13","author":{"@type":"Person","@id":"https:\/\/www.krusec.cz\/author\/#Person","name":"","url":"https:\/\/www.krusec.cz\/author\/","identifier":1,"image":{"@type":"ImageObject","@id":"https:\/\/secure.gravatar.com\/avatar\/3c4e99fa9a9806cd5e8fd7cac6ca73ff5bbf5f3ee309e1745415eebd31482909?s=96&d=mm&r=g","url":"https:\/\/secure.gravatar.com\/avatar\/3c4e99fa9a9806cd5e8fd7cac6ca73ff5bbf5f3ee309e1745415eebd31482909?s=96&d=mm&r=g","height":96,"width":96}},"publisher":{"@type":"Organization","name":"krusec.cz","logo":{"@type":"ImageObject","@id":"\/logo.png","url":"\/logo.png","width":600,"height":60}},"image":{"@type":"ImageObject","@id":"https:\/\/www.krusec.cz\/wp-content\/uploads\/pexels-kai-pilger-996329_9.jpg","url":"https:\/\/www.krusec.cz\/wp-content\/uploads\/pexels-kai-pilger-996329_9.jpg","height":0,"width":0},"url":"https:\/\/www.krusec.cz\/skrine-na-obleceni\/","about":["Produkty"],"wordCount":439,"articleBody":"       V\u00edte, k \u010demu jsou sk\u0159\u00edn\u011b? Ka\u017ed\u00fd m\u00e1 n\u011bjak\u00e9 sk\u0159\u00edn\u011b. N\u011bkdo men\u0161\u00ed a n\u011bkdo v\u011bt\u0161\u00ed a prostorn\u011bj\u0161\u00ed. To z\u00e1le\u017e\u00ed na ka\u017ed\u00e9m, jak\u00e9 vestav\u011bn\u00e9 sk\u0159\u00edn\u011b praha si zvol\u00ed a jak je chce m\u00edt prostorn\u00e9. A co v t\u011bch sk\u0159\u00edn\u00edch je? No p\u0159ece oble\u010den\u00ed, co taky jin\u00e9ho. Abych \u0159ekla pravdu, tak my m\u00e1me docela mal\u00e9 sk\u0159\u00edn\u011b a v\u011b\u0159te tomu, nebo ne. A to nen\u00ed zrovna dob\u0159e, proto\u017ee j\u00e1 toho oble\u010den\u00ed m\u00e1m doma docela dost hodn\u011b. Ned\u00e1vno jsem si kupovala asi dvacet kousk\u016f oble\u010den\u00ed a u\u017e to skoro nem\u00e1m ani kam d\u00e1vat to oble\u010den\u00ed. Konzultovala jsem to s p\u0159\u00edtelem a nakonec jsme se rozhodli, \u017ee si po\u0159\u00edd\u00edme vestav\u011bn\u00e9 sk\u0159\u00edn\u011b praha, kter\u00e9 budou mnohem v\u011bt\u0161\u00ed a prostorn\u011bj\u0161\u00ed. K m\u00e9mu \u00fadivu p\u0159\u00edtel souhlasil.Samoz\u0159ejm\u011b ty sk\u0159\u00edn\u011b budou dv\u011b &#8211; jedna pro m\u011b a jedna pro p\u0159\u00edtele. Pro dceru d\u00e1v\u00e1m oble\u010den\u00ed pod postel, ale \u010dasem a\u017e bude v\u011bt\u0161\u00ed pro ni taky budu  https:\/\/www.knizniklub.cz\/knihy\/216371-az-budu-bez-tebe.html muset n\u011bjakou sk\u0159\u00ed\u0148 koupit. Aktu\u00e1ln\u011b na tom nejsem zrovna finan\u010dn\u011b nejl\u00e9pe, ale do sk\u0159\u00edn\u011b r\u00e1da investuju, proto\u017ee se to vyplat\u00ed. Sk\u0159\u00ed\u0148 je rozumn\u00e1 v\u011bc, kterou pot\u0159ebuje ka\u017ed\u00fd \u010dlov\u011bk. A kdy\u017e nen\u00ed dost velk\u00e1, tak to chce koupit jinou, v\u011bt\u0161\u00ed. J\u00e1 jsem si toti\u017e ned\u00e1vno kupovala nov\u00e9 oble\u010den\u00ed, proto\u017ee to star\u00e9 u\u017e za moc nest\u00e1lo. Samoz\u0159ejm\u011b jako ka\u017ed\u00e1 \u017eena se chci l\u00edbit p\u0159\u00edteli a i sama sob\u011b.A nebudu p\u0159ece chodit v oble\u010den\u00ed, kter\u00e9 u\u017e nen\u00ed hezk\u00e9. A p\u0159em\u00fd\u0161l\u00edm, \u017ee to star\u00e9 oble\u010den\u00ed, kter\u00e9 u\u017e se mi nel\u00edb\u00ed a nebudu ho nosit, bu\u010f prod\u00e1m, d\u00e1m na charitu a nebo n\u011bkam kde to pot\u0159ebuj\u00ed. R\u00e1da bych tomu oble\u010den\u00ed dala je\u0161t\u011b novou \u0161anci na \u017eivot. V\u0161ak to zn\u00e1te. Skoro ka\u017ed\u00e1 \u017eena m\u00e1 ve sv\u00e9 sk\u0159\u00edni tolik oble\u010den\u00ed, \u017ee nev\u00ed, co m\u00e1 nosit. A stejn\u011b kolikr\u00e1t m\u00e1me pocit, \u017ee nem\u00e1me co na sebe. To je docela zvl\u00e1\u0161tn\u00ed. Ale jednou za \u010das si oble\u010den\u00ed ve sk\u0159\u00edni t\u0159\u00edd\u00edm, rovn\u00e1m a to co nepot\u0159ebuji a nel\u00edb\u00ed se mi d\u00e1m prost\u011b a jednodu\u0161e pry\u010d. Nevid\u00edm d\u016fvod, pro\u010d m\u00edt ve sk\u0159\u00edni i star\u00e9 oble\u010den\u00ed, kter\u00e9 ani nenos\u00edm u\u017e&#8230;                                                                                                                                                                                                                                                                                                                                                                                          4.2\/5 - (9 votes)        "},{"@context":"https:\/\/schema.org\/","@type":"BreadcrumbList","itemListElement":[{"@type":"ListItem","position":1,"name":"Sk\u0159\u00edn\u011b na oble\u010den\u00ed","item":"https:\/\/www.krusec.cz\/skrine-na-obleceni\/#breadcrumbitem"}]}]