[{"@context":"https:\/\/schema.org\/","@type":"Article","@id":"https:\/\/www.krusec.cz\/prichod-miminka-na-svet-a-co-pro-nej-poridit\/#Article","mainEntityOfPage":"https:\/\/www.krusec.cz\/prichod-miminka-na-svet-a-co-pro-nej-poridit\/","headline":"P\u0159\u00edchod miminka na sv\u011bt a co pro n\u011bj po\u0159\u00eddit","name":"P\u0159\u00edchod miminka na sv\u011bt a co pro n\u011bj po\u0159\u00eddit","description":"T\u011b\u0161\u00edte se na narozen\u00ed va\u0161eho prvorozen\u00e9ho d\u011b\u0165\u00e1tka? Na p\u0159\u00edchod miminka je pot\u0159eba se po\u0159\u00e1dn\u011b p\u0159ipravit. P\u0159edev\u0161\u00edm bude pot\u0159ebovat spoustu v\u011bc\u00ed na sebe, a\u010d se to [&hellip;]","datePublished":"2017-05-14","dateModified":"2017-05-14","author":{"@type":"Person","@id":"https:\/\/www.krusec.cz\/author\/#Person","name":"","url":"https:\/\/www.krusec.cz\/author\/","identifier":1,"image":{"@type":"ImageObject","@id":"https:\/\/secure.gravatar.com\/avatar\/3c4e99fa9a9806cd5e8fd7cac6ca73ff5bbf5f3ee309e1745415eebd31482909?s=96&d=mm&r=g","url":"https:\/\/secure.gravatar.com\/avatar\/3c4e99fa9a9806cd5e8fd7cac6ca73ff5bbf5f3ee309e1745415eebd31482909?s=96&d=mm&r=g","height":96,"width":96}},"publisher":{"@type":"Organization","name":"krusec.cz","logo":{"@type":"ImageObject","@id":"\/logo.png","url":"\/logo.png","width":600,"height":60}},"url":"https:\/\/www.krusec.cz\/prichod-miminka-na-svet-a-co-pro-nej-poridit\/","wordCount":404,"articleBody":"  T\u011b\u0161\u00edte se na narozen\u00ed va\u0161eho prvorozen\u00e9ho d\u011b\u0165\u00e1tka? Na p\u0159\u00edchod miminka je pot\u0159eba se po\u0159\u00e1dn\u011b p\u0159ipravit. P\u0159edev\u0161\u00edm bude pot\u0159ebovat spoustu v\u011bc\u00ed na sebe, a\u010d se to tak mo\u017en\u00e1 nezd\u00e1, je to tak. Kojeneck\u00e9 oble\u010den\u00ed je nutnou sou\u010d\u00e1st\u00ed v\u00fdbavi\u010dky pro va\u0161e d\u011b\u0165\u00e1tko. Jako \u017eena se ur\u010dit\u011b p\u0159i jeho nakupov\u00e1n\u00ed vy\u0159\u00e1d\u00edte a budete nad\u0161en\u00e1 z t\u011bch mali\u010dk\u00fdch roztomil\u00fdch had\u0159\u00edk\u016f. Nebojte se po\u0159\u00eddit si i dal\u0161\u00ed velikosti dop\u0159edu, sami uvid\u00edte, jak v\u00e1m va\u0161e miminko rychle poroste. Ani se nenad\u011bjete a u\u017e bude pot\u0159ebovat v\u011bt\u0161\u00ed velikost. Nev\u00edte, jak\u00e9ho pohlav\u00ed bude va\u0161e d\u011b\u0165\u00e1tko a nechcete po\u0159izovat r\u016f\u017eovou i modrou variantu oble\u010den\u00ed? Nevad\u00ed, v\u0161echno toti\u017e m\u016f\u017eete po\u0159\u00eddit v neutr\u00e1ln\u00edch barv\u00e1ch, jakou je zelen\u00e1, \u017elut\u00e1, oran\u017eov\u00e1, hn\u011bd\u00e1, \u010derven\u00e1 a dal\u0161\u00ed pestr\u00e9 barvy, kter\u00e9 jsou vhodn\u00e9 jak pro kluka, tak i pro hol\u010di\u010dku.Bez \u010deho se ve v\u00fdbavi\u010dce pro va\u0161e miminko neobejdete: &#8211; praktick\u00e1 bod\u00fd\u010dka na zap\u00edn\u00e1n\u00ed v oblasti pl\u00ednek pro rychl\u00e9 a pohodln\u00e9 p\u0159ebalov\u00e1n\u00ed &#8211; overaly na span\u00ed pro maxim\u00e1ln\u00ed pohodl\u00ed d\u011b\u0165\u00e1tka &#8211; dupa\u010dky a polodupa\u010dky &#8211; \u010depi\u010dky na proch\u00e1zku v ko\u010d\u00e1rku &#8211; tri\u010dka a kalhoty &#8211; kombin\u00e9zy na mraziv\u00e9 zimn\u00ed dny &#8211; soupravy a sety pro lep\u0161\u00ed p\u0159\u00edle\u017eitosti nebo i nadoma Kojeneck\u00e9 oble\u010den\u00ed ze 100% bavlny bude velice p\u0159\u00edjemn\u00e9 pro poko\u017eku va\u0161eho d\u011b\u0165\u00e1tka. Materi\u00e1l v podob\u011b frot\u00e9 zase va\u0161e miminko zah\u0159eje v chladn\u00fdch dnech a bude tak v teple. M\u016f\u017eete si vybrat z neutr\u00e1ln\u00edch nebo typicky d\u00edv\u010d\u00edch a chlapeck\u00fdch barev v podob\u011b r\u016f\u017eov\u00e9 a modr\u00e9. Po\u0159\u00eddit si tak\u00e9 m\u016f\u017eete kr\u00e1sn\u00fd a modern\u00ed set do porodnice, abyste s miminkem odj\u00ed\u017ed\u011bli dom\u016f se v\u0161\u00ed par\u00e1dou. Vyu\u017eijete je tak\u00e9 t\u0159eba p\u0159i n\u00e1v\u0161t\u011bv\u011b l\u00e9ka\u0159e na pravideln\u00fdch prohl\u00eddk\u00e1ch a va\u0161e miminko bude vypadat o to v\u00edce roztomile. Oh\u00e1kn\u011bte va\u0161e miminko do modern\u00edch a stylov\u00fdch kousk\u016f. I ti nejmen\u0161\u00ed si zaslou\u017e\u00ed p\u011bkn\u00e9 a kvalitn\u00ed oble\u010den\u00ed, i kdy\u017e o tom je\u0161t\u011b v\u016fbec nemaj\u00ed p\u00e1ru.                                                                                                                                                                                                                                                                                                                                                                                         4.7\/5 - (3 votes)        "},{"@context":"https:\/\/schema.org\/","@type":"BreadcrumbList","itemListElement":[{"@type":"ListItem","position":1,"name":"P\u0159\u00edchod miminka na sv\u011bt a co pro n\u011bj po\u0159\u00eddit","item":"https:\/\/www.krusec.cz\/prichod-miminka-na-svet-a-co-pro-nej-poridit\/#breadcrumbitem"}]}]