[{"@context":"https:\/\/schema.org\/","@type":"Article","@id":"https:\/\/www.krusec.cz\/prakticky-stan\/#Article","mainEntityOfPage":"https:\/\/www.krusec.cz\/prakticky-stan\/","headline":"Praktick\u00fd stan","name":"Praktick\u00fd stan","description":"Mysl\u00edte si, \u017ee v posledn\u00ed dob\u011b lid\u00e9 moc neslav\u00ed \u017e\u00e1dn\u00e9 p\u00e1rty anebo narozeniny anebo \u017ee ned\u011blaj\u00ed oslavy? Pokud si to mysl\u00edte, tak je to \u0161koda, [&hellip;]","datePublished":"2023-03-28","dateModified":"2023-05-18","author":{"@type":"Person","@id":"https:\/\/www.krusec.cz\/author\/#Person","name":"","url":"https:\/\/www.krusec.cz\/author\/","identifier":1,"image":{"@type":"ImageObject","@id":"https:\/\/secure.gravatar.com\/avatar\/3c4e99fa9a9806cd5e8fd7cac6ca73ff5bbf5f3ee309e1745415eebd31482909?s=96&d=mm&r=g","url":"https:\/\/secure.gravatar.com\/avatar\/3c4e99fa9a9806cd5e8fd7cac6ca73ff5bbf5f3ee309e1745415eebd31482909?s=96&d=mm&r=g","height":96,"width":96}},"publisher":{"@type":"Organization","name":"krusec.cz","logo":{"@type":"ImageObject","@id":"\/logo.png","url":"\/logo.png","width":600,"height":60}},"image":{"@type":"ImageObject","@id":"https:\/\/www.krusec.cz\/wp-content\/uploads\/people-4817872_960_720_6.jpg","url":"https:\/\/www.krusec.cz\/wp-content\/uploads\/people-4817872_960_720_6.jpg","height":0,"width":0},"url":"https:\/\/www.krusec.cz\/prakticky-stan\/","about":["Produkty"],"wordCount":449,"articleBody":"      Mysl\u00edte si, \u017ee v posledn\u00ed dob\u011b lid\u00e9 moc neslav\u00ed \u017e\u00e1dn\u00e9 p\u00e1rty anebo narozeniny anebo \u017ee ned\u011blaj\u00ed oslavy? Pokud si to mysl\u00edte, tak je to \u0161koda, proto\u017ee t\u0159eba zrovna bydl\u00edte v takov\u00e9m m\u00edst\u011b, kde jsou sam\u00ed lid\u00e9, kte\u0159\u00ed nemaj\u00ed r\u00e1di oslavy anebo \u017e\u00e1dn\u00e9 p\u00e1rty. Jsem r\u00e1da, \u017ee kolem m\u011b jsou sam\u00ed z\u00e1bavn\u00ed a p\u0159\u00edjemn\u011b nalad\u011bn\u00ed lid\u00e9. To j\u00e1 pat\u0159\u00edm k t\u00e9 druh\u00e9 skupin\u011b lidi, kdo miluje oslavy a z\u00e1bavn\u00e9 p\u00e1rty. Proto jsem tak\u00e9 velice r\u00e1da, kdy\u017e mi m\u016fj p\u0159\u00edtel koupil tehdy na V\u00e1noce kr\u00e1sn\u00fd p\u00e1rty stan. A vy se mo\u017en\u00e1 div\u00edte, \u017ee mi m\u016fj p\u0159\u00edtel koupil velk\u00fd p\u00e1rty stan a na V\u00e1noce. P\u0159ece se v zim\u011b ned\u011blaj\u00ed \u017e\u00e1dn\u00e9 p\u00e1rty na zahrad\u011b. Sice m\u00e1te pravdu, ale to nezn\u00e1te m\u011b a moje kamar\u00e1dy a m\u00e9ho p\u0159\u00edtele a zbytek m\u00e9 rodiny. Proto\u017ee my d\u011bl\u00e1me p\u00e1rty opravdu v jak\u00e9mkoliv po\u010das\u00ed. A sice jsem m\u011bla sv\u016fj star\u00fd p\u00e1rty stan, ale byl u\u017e poni\u010den\u00fd, co\u017e nevypadalo hezky. Proto\u017ee tehdy jsem m\u011bla je\u0161t\u011b sv\u016fj star\u00fd p\u00e1rty stan, ale ten star\u00fd p\u00e1rty stan mn\u011b vydr\u017eel asi dvan\u00e1ct let. On by vydr\u017eel je\u0161t\u011b d\u00e9le, ale bohu\u017eel ho n\u011bkdo ze z\u00e1visti poni\u010dil, tak\u017ee jsem z toho byla velice ne\u0161\u0165astn\u00e1 a p\u0159ekvapilo m\u011b a z\u00e1rove\u0148 tak\u00e9 velmi pot\u011b\u0161ilo, \u017ee mi m\u016fj p\u0159\u00edtel na V\u00e1noce koupil opravdu kr\u00e1sn\u00fd p\u00e1rty stan, a to z webov\u00e9 str\u00e1nky tentino.cz, kde jsou opravdu kvalitn\u00ed stany.Tady se nemus\u00edte b\u00e1t, \u017ee by se v\u00e1m t\u0159eba tento p\u00e1rty stan n\u011bjak rozbil. Jsou tady tak\u00e9 nap\u0159\u00edklad n\u016f\u017ekov\u00e9 stany anebo r\u016fzn\u00e9 dopl\u0148ky pro catering. Materi\u00e1l p\u00e1rty stan\u016f je opravdu kvalitn\u00ed, tak\u017ee se nemus\u00edte b\u00e1t, \u017ee by t\u0159eba ho poni\u010dil d\u00e9\u0161\u0165 anebo siln\u00e9 slunce. Jsou to velice odoln\u00e9 p\u00e1rty stany, tak\u017ee si m\u016f\u017eete vybrat p\u00e1rty stan podle va\u0161eho vkusu. Jsou tady v r\u016fzn\u00fdch barv\u00e1ch a velikostech a taky cenov\u00fdch relac\u00edch, tak\u017ee podle m\u00e9ho n\u00e1zoru si vybere opravdu ka\u017ed\u00fd to svoje. A jak\u00fd n\u016f\u017ekov\u00fd st\u00e1nek by se nejv\u00edce l\u00edbil v\u00e1m? J\u00e1 d\u00e1v\u00e1m p\u0159ednost t\u00e9 st\u0159edn\u00ed velikosti, kter\u00e1 je nejv\u00edce praktick\u00e1, ale i mal\u00fd p\u00e1rty stan se hod\u00ed a ud\u011bl\u00e1 velkou slu\u017ebu.                                                                                                                                                                                                                                                                                                                                                                                          3.2\/5 - (4 votes)        "},{"@context":"https:\/\/schema.org\/","@type":"BreadcrumbList","itemListElement":[{"@type":"ListItem","position":1,"name":"Praktick\u00fd stan","item":"https:\/\/www.krusec.cz\/prakticky-stan\/#breadcrumbitem"}]}]