[{"@context":"https:\/\/schema.org\/","@type":"Article","@id":"https:\/\/www.krusec.cz\/pevny-obal-na-mobil\/#Article","mainEntityOfPage":"https:\/\/www.krusec.cz\/pevny-obal-na-mobil\/","headline":"Pevn\u00fd obal na mobil","name":"Pevn\u00fd obal na mobil","description":"Tak\u00e9 m\u00e1te r\u00e1di elektroniku? Pokud ano, tak p\u0159edpokl\u00e1d\u00e1m, \u017ee se budete o svou elektroniku tak\u00e9 opravdu hodn\u011b dob\u0159e starat. To bych nebyla j\u00e1, abych tak\u00e9 [&hellip;]","datePublished":"2023-12-18","dateModified":"2024-01-18","author":{"@type":"Person","@id":"https:\/\/www.krusec.cz\/author\/#Person","name":"","url":"https:\/\/www.krusec.cz\/author\/","identifier":1,"image":{"@type":"ImageObject","@id":"https:\/\/secure.gravatar.com\/avatar\/3c4e99fa9a9806cd5e8fd7cac6ca73ff5bbf5f3ee309e1745415eebd31482909?s=96&d=mm&r=g","url":"https:\/\/secure.gravatar.com\/avatar\/3c4e99fa9a9806cd5e8fd7cac6ca73ff5bbf5f3ee309e1745415eebd31482909?s=96&d=mm&r=g","height":96,"width":96}},"publisher":{"@type":"Organization","name":"krusec.cz","logo":{"@type":"ImageObject","@id":"\/logo.png","url":"\/logo.png","width":600,"height":60}},"image":{"@type":"ImageObject","@id":"https:\/\/www.krusec.cz\/wp-content\/uploads\/plans-1867745_1280_1.jpg","url":"https:\/\/www.krusec.cz\/wp-content\/uploads\/plans-1867745_1280_1.jpg","height":0,"width":0},"url":"https:\/\/www.krusec.cz\/pevny-obal-na-mobil\/","about":["Produkty"],"wordCount":397,"articleBody":"   Tak\u00e9 m\u00e1te r\u00e1di elektroniku? Pokud ano, tak p\u0159edpokl\u00e1d\u00e1m, \u017ee se budete o svou elektroniku tak\u00e9 opravdu hodn\u011b dob\u0159e starat. To bych nebyla j\u00e1, abych tak\u00e9 si nekupovala r\u016fzn\u00e9 dopl\u0148ky k elektronice. Jako posledn\u00ed jsem si koupila televizi, jsem v televizi opravdu hodn\u011b spokojen\u00e1 a je skoro dva metry dlouh\u00e1. Tohle jsem v\u017edycky cht\u011bla. Tak\u017ee m\u00e1m tak\u00e9 placen\u00e9 po\u0159ady, na kter\u00e9 se moc r\u00e1da d\u00edv\u00e1m a jsem r\u00e1da, \u017ee jsem si po\u0159\u00eddila tak kvalitn\u00ed televizi. Tak\u00e9 m\u00e1m je\u0161t\u011b nov\u00fd iPhone SE. A abych sv\u016fj mobiln\u00ed telefon iPhone udr\u017eela st\u00e1le opravdu kvalitn\u00ed a bez po\u0161kozen\u00ed a bez kosmetick\u00fdch vad, tak jsem si po\u0159\u00eddila obal na iPhone SE.Je opravdu skv\u011bl\u00e9, \u017ee na internetu se\u017eenete opravdu mnoho t\u011bchto obal\u016f na iPhone SE, tak\u00e9 dokonce v r\u016fzn\u00fdch barv\u00e1ch a dal\u0161\u00edch proveden\u00edch. J\u00e1 jsem si rad\u011bji na iPhone SE koupila dva obaly. Jeden opravdu sv\u00edtiv\u011b r\u016f\u017eov\u00fd a druh\u00fd takov\u00fd b\u00e9\u017eov\u00fd. Nejrad\u011bji m\u00e1m takov\u00e9 opravdu neonov\u00e9 a v\u00fdrazn\u00e9 barvy, jenom\u017ee n\u011bkdy se nehod\u00ed, abych m\u011bla takhle v\u00fdrazn\u00fd obal na iPhone SE. A proto, t\u0159eba kdy\u017e jdu n\u011bkam na sch\u016fzku anebo m\u00e1m pracovn\u00ed z\u00e1le\u017eitosti, tak si d\u00e1m obal b\u00e9\u017eov\u00fd, kdy\u017e jsem doma a nebo jsem s holkami a nebo jdeme n\u011bkam na p\u00e1rty nebo diskot\u00e9ku, tak si vezmu opravdu sv\u00edtiv\u011b kr\u00e1sn\u011b r\u016f\u017eov\u00fd obal na iPhone SE.A m\u011b se tohle moc l\u00edb\u00ed, dokonce i moje kamar\u00e1dka, kter\u00e1 m\u00e1 tak\u00e9 iPhone SE tak si po\u0159\u00eddila opravdu k\u0159iklav\u011b zelen\u00fd obal. Mus\u00edm uznat, \u017ee je to opravdu perfektn\u00ed, a kdy\u017e jsme spolu tak opravdu kr\u00e1sn\u011b sv\u00edt\u00edme a lad\u00edme spolu sv\u00fdmi iPhony a tak\u00e9 obaly. Pokud i vy chcete m\u00edt kvalitn\u00ed obal na iPhone SE, tak samoz\u0159ejm\u011b opravdu na to nezanev\u0159ete. Kdy\u017e v\u00e1m potom iPhone spadne na zem, tak se nemus\u00edte b\u00e1t, \u017ee by se n\u011bjak po\u0161kodil. Pr\u00e1v\u011b obal na iPhone SE v\u00e1m zaru\u010d\u00ed, \u017ee v\u00e1\u0161 mobiln\u00ed telefon bude v\u00edce odoln\u011bj\u0161\u00ed a bude tak\u00e9 dlouho bez po\u0161kozen\u00ed. Uvid\u00edte sami, \u017ee tohle je pravda.                                                                                                                                                                                                                                                                                                                                                                                           5\/5 - (2 votes)        "},{"@context":"https:\/\/schema.org\/","@type":"BreadcrumbList","itemListElement":[{"@type":"ListItem","position":1,"name":"Pevn\u00fd obal na mobil","item":"https:\/\/www.krusec.cz\/pevny-obal-na-mobil\/#breadcrumbitem"}]}]