[{"@context":"https:\/\/schema.org\/","@type":"Article","@id":"https:\/\/www.krusec.cz\/paradni-a-presto-prakticke\/#Article","mainEntityOfPage":"https:\/\/www.krusec.cz\/paradni-a-presto-prakticke\/","headline":"Par\u00e1dn\u00ed, a p\u0159esto praktick\u00e9","name":"Par\u00e1dn\u00ed, a p\u0159esto praktick\u00e9","description":"M\u00e1te-li pocit, \u017ee Va\u0161emu \u010derstv\u011b postaven\u00e9mu zahradn\u00edmu domku st\u00e1le n\u011bco chyb\u00ed, pak v\u011b\u0159te, \u017ee d\u0159ev\u011bn\u00fdmi roletami nic nepokaz\u00edte! I kdy\u017e jste stav\u011bli domek tak, aby [&hellip;]","datePublished":"2025-01-28","dateModified":"2025-01-28","author":{"@type":"Person","@id":"https:\/\/www.krusec.cz\/author\/#Person","name":"","url":"https:\/\/www.krusec.cz\/author\/","identifier":1,"image":{"@type":"ImageObject","@id":"https:\/\/secure.gravatar.com\/avatar\/3c4e99fa9a9806cd5e8fd7cac6ca73ff5bbf5f3ee309e1745415eebd31482909?s=96&d=mm&r=g","url":"https:\/\/secure.gravatar.com\/avatar\/3c4e99fa9a9806cd5e8fd7cac6ca73ff5bbf5f3ee309e1745415eebd31482909?s=96&d=mm&r=g","height":96,"width":96}},"publisher":{"@type":"Organization","name":"krusec.cz","logo":{"@type":"ImageObject","@id":"\/logo.png","url":"\/logo.png","width":600,"height":60}},"url":"https:\/\/www.krusec.cz\/paradni-a-presto-prakticke\/","about":["Moto"],"wordCount":429,"articleBody":"M\u00e1te-li pocit, \u017ee Va\u0161emu \u010derstv\u011b postaven\u00e9mu zahradn\u00edmu domku st\u00e1le n\u011bco chyb\u00ed, pak v\u011b\u0159te, \u017ee d\u0159ev\u011bn\u00fdmi roletami nic nepokaz\u00edte! I kdy\u017e jste stav\u011bli domek tak, aby zapadal do okoln\u00edho r\u00e1zu krajiny, st\u00e1le byste jej mohli je\u0161t\u011b v\u00edce zkr\u00e1\u0161lit . Ale ne p\u0159epychem a luxusem, i kdy\u017e by to tak mohlo vypadat. A vlastn\u011b to tak vypadat bude. V sou\u010dasn\u00e9 dob\u011b vlastn\u011b \u0159e\u0161\u00edte zatemn\u011bn\u00ed oken p\u0159ed sluncem. Je protivn\u00e9, kdy\u017e se ve vedrech nem\u00e1te po\u0159\u00e1dn\u011b kam schovat. Ud\u011bl\u00e1te si siestu v domku, ale i tam V\u00e1s slune\u010dn\u00ed paprsky dostihnou.Jak to tedy vy\u0159e\u0161it?  1. Z\u00e1clony a z\u00e1v\u011bsy? To u\u017e ne. Chyt\u00e1 se na n\u011b prach a ka\u017edou chv\u00edli je mus\u00edte vyprat, proto\u017ee top\u00edte v kamnech. 2. \u017daluzie? Ty se tedy na okna na zahrad\u011b hod\u00ed v\u00edce, ale u\u017e p\u0159\u00edrodn\u00ed atmosf\u00e9ra pozb\u00fdv\u00e1 toho kouzla! \u017daluzie m\u00e1te u\u017e doma 3. D\u0159ev\u011bn\u00e9 rolety? Tak to je n\u011bco, o \u010dem byste mohli uva\u017eovat! Hm, to je dokonce dost re\u00e1ln\u00e9!Pro\u010d pr\u00e1v\u011b ty?My\u0161lenka d\u0159ev\u011bn\u00fdch rolet je v\u00e1\u017en\u011b skv\u011bl\u00e1. Dokonce v\u00fdte\u010dn\u00e1. Za\u010d\u00edn\u00e1 se V\u00e1m l\u00edbit v\u00edc a v\u00edc? Tak to je jasn\u00e9, proto\u017ee m\u00e1 mnoho v\u00fdhod. \u00b7 Rozhodn\u011b budou dokonale st\u00ednit. \u00b7 Jejich po\u0159\u00edzen\u00edm zachov\u00e1te p\u0159\u00edrodn\u00ed r\u00e1z okol\u00ed ve spojen\u00ed s Va\u0161\u00edm domkem. \u00b7 V zim\u011b budou dokonale tepeln\u011b izolovat. \u00b7 Dokonce odhlu\u010dn\u00ed, a\u017e budete m\u00edt n\u00e1v\u0161t\u011bvu. \u00b7 A kdy\u017e nebudete pr\u00e1v\u011b tr\u00e1vit \u010das na zahrad\u011b, pak jsou v\u00fdborn\u00e9 na zaji\u0161t\u011bn\u00ed bezpe\u010dnosti! \u00b7 A nakonec b\u00e1je\u010dn\u011b vypadaj\u00ed! Tak to nem\u00e1 chybu! Pravd\u011bpodobn\u011b jste ji\u017e rozhodnuti. Vzhled a prakti\u010dnost v jednom! Kdy se tohle po\u0161t\u011bst\u00ed? Nav\u00edc si m\u016f\u017eete dovolit p\u0159ece jen luxus na\u0161\u00ed doby, a to ve form\u011b ovl\u00e1d\u00e1n\u00ed kvalitn\u00edch d\u0159ev\u011bn\u00fdch rolet. Nemus\u00edte je mechanicky ovl\u00e1dat. M\u016f\u017eete pou\u017e\u00edt elektrick\u00fd proud a ovlada\u010d. A p\u0159esto v\u0161e z\u016fstane tak p\u0159\u00edrodn\u00ed! \u00da\u017easn\u00e9! A nakonec byste mohli d\u0159ev\u011bn\u00fdmi roletami zabezpe\u010dit i verandu. V p\u0159\u00edpad\u011b siln\u011bj\u0161\u00edho v\u011btru nebudete sed\u011bt v pr\u016fvanu, ale st\u00e1le na \u010derstv\u00e9m vzduchu! Tak to u\u017e nen\u00ed, o \u010dem p\u0159em\u00fd\u0161let, vi\u010fte? Tak\u00e9 si to mysl\u00edme!                                                                                                                                                                                                                                                                                                                                                                                        4.1\/5 - (7 votes)        "},{"@context":"https:\/\/schema.org\/","@type":"BreadcrumbList","itemListElement":[{"@type":"ListItem","position":1,"name":"Par\u00e1dn\u00ed, a p\u0159esto praktick\u00e9","item":"https:\/\/www.krusec.cz\/paradni-a-presto-prakticke\/#breadcrumbitem"}]}]