[{"@context":"https:\/\/schema.org\/","@type":"Article","@id":"https:\/\/www.krusec.cz\/kdy-je-nejlepsi-doba-na-generalni-uklid\/#Article","mainEntityOfPage":"https:\/\/www.krusec.cz\/kdy-je-nejlepsi-doba-na-generalni-uklid\/","headline":"Kdy je nejlep\u0161\u00ed doba na gener\u00e1ln\u00ed \u00faklid?","name":"Kdy je nejlep\u0161\u00ed doba na gener\u00e1ln\u00ed \u00faklid?","description":"Adventn\u00ed \u010das nebo Velikonoce, napadne asi v\u011bt\u0161inu lid\u00ed. Pravdou v\u0161ak je, \u017ee nejlep\u0161\u00ed doba je ta kdy se na to c\u00edt\u00edme a m\u00e1me chu\u0165 pustit [&hellip;]","datePublished":"2025-03-06","dateModified":"2025-03-06","author":{"@type":"Person","@id":"https:\/\/www.krusec.cz\/author\/#Person","name":"","url":"https:\/\/www.krusec.cz\/author\/","identifier":1,"image":{"@type":"ImageObject","@id":"https:\/\/secure.gravatar.com\/avatar\/3c4e99fa9a9806cd5e8fd7cac6ca73ff5bbf5f3ee309e1745415eebd31482909?s=96&d=mm&r=g","url":"https:\/\/secure.gravatar.com\/avatar\/3c4e99fa9a9806cd5e8fd7cac6ca73ff5bbf5f3ee309e1745415eebd31482909?s=96&d=mm&r=g","height":96,"width":96}},"publisher":{"@type":"Organization","name":"krusec.cz","logo":{"@type":"ImageObject","@id":"\/logo.png","url":"\/logo.png","width":600,"height":60}},"image":{"@type":"ImageObject","@id":"https:\/\/www.krusec.cz\/wp-content\/uploads\/img_a331758_w2745_t1544285998.jpg","url":"https:\/\/www.krusec.cz\/wp-content\/uploads\/img_a331758_w2745_t1544285998.jpg","height":0,"width":0},"url":"https:\/\/www.krusec.cz\/kdy-je-nejlepsi-doba-na-generalni-uklid\/","wordCount":439,"articleBody":"Adventn\u00ed \u010das nebo Velikonoce, napadne asi v\u011bt\u0161inu lid\u00ed. Pravdou v\u0161ak je, \u017ee nejlep\u0161\u00ed doba je ta kdy se na to c\u00edt\u00edme a m\u00e1me chu\u0165 pustit se do pr\u00e1ce. S\u00a0velk\u00fdm \u00faklidem jde ruku v\u00a0ruce mo\u0159e \u010dasu, kolik mu budeme v\u011bnovat a mus\u00edme m\u00edt na to dostatek fyzick\u00fdch i psychick\u00fdch sil.Ide\u00e1ln\u00ed je ukl\u00edzet pravideln\u011b a d\u016fkladn\u011b, a vyhnout se tak ob\u00e1van\u00e9ho gener\u00e1ln\u00edho \u00faklidu. M\u00e1lokdo m\u00e1 tolik \u010dasu, aby nap\u0159\u00edklad celou sobotu zasv\u011btil jen ukl\u00edzen\u00ed, pak je skv\u011bl\u00e9 rozd\u011blit si jednotliv\u00e9 m\u00edstnosti na ur\u010dit\u00e9 dny. Nebudeme tolik ve stresu a ukl\u00edzen\u00ed v\u00e1m mo\u017en\u00e1 p\u016fjde sn\u00e1z a bude v\u00e1s mo\u017en\u00e1 tak\u00e9 v\u00edce bavit.Na\u0161i p\u0159edci d\u011blali velk\u00fd \u00faklid na ja\u0159eMilovn\u00edky tradic mo\u017en\u00e1 zaujme fakt, \u017ee na\u0161i p\u0159edci v\u011bnovali \u00faklidu p\u0159edev\u0161\u00edm jarn\u00ed m\u011bs\u00edce. Jaro je znamen\u00ed \u017eivota, p\u0159\u00edroda se probouz\u00ed a na\u0161i p\u0159edci v\u00a0tuto dobu vyhazovali ze sv\u00fdch dom\u00e1cnost\u00ed nepot\u0159ebn\u00e9 v\u011bci a vpou\u0161t\u011bli jarn\u00ed atmosf\u00e9ru. Dnes to m\u00e1me trochu jinak a kdy\u017e d\u011bl\u00e1me velk\u00fd \u00faklid b\u00fdv\u00e1 to p\u0159edev\u0161\u00edm v\u00a0adventn\u00edm obdob\u00ed, d\u0159\u00edve lid\u00e9 nech\u00e1vali v\u011bci b\u00fdt a u\u017e\u00edvali si v\u00edce p\u0159\u00edpravy na v\u00e1no\u010dn\u00ed sv\u00e1tky. Je to zaj\u00edmav\u00e9 zamy\u0161len\u00ed nad dne\u0161n\u00edm v\u00e1no\u010dn\u00edch stresem, kter\u00e9 m\u00e1 mnoho \u017een spojeno s\u00a0\u00faklidem. Je lep\u0161\u00ed m\u00edt na V\u00e1noce nape\u010den\u00e9 cukrov\u00ed ne\u017e umyt\u00e1 okna.Gener\u00e1ln\u00ed \u00faklid je p\u0159edev\u0161\u00edm o vyhazov\u00e1n\u00ed star\u00fdch a nepot\u0159ebn\u00fdch v\u011bc\u00edUkl\u00edzen\u00ed nen\u00ed jen o tom ut\u0159\u00edt prach, um\u00fdt okna, nebo navoskovat n\u00e1bytek, je to p\u0159edev\u0161\u00edm o t\u0159\u00edzen\u00ed a vyhazov\u00e1n\u00ed nepot\u0159ebn\u00e9ho. Je smutn\u00e9 \u017ee s\u00a0t\u00edm mnoho lid\u00ed m\u00e1 probl\u00e9my a zuby nehty lp\u00ed na v\u0161em co m\u00e1 doma. Jen\u017ee nepo\u0159\u00e1dek a hromad\u011bn\u00ed v\u011bc\u00ed to nen\u00ed \u00faklid. Nepot\u0159ebn\u00fdch v\u011bc\u00ed bychom se m\u011bli zbavovat pravideln\u011b pokud to tak ned\u011bl\u00e1me je den kdy vyhl\u00e1s\u00edme gener\u00e1ln\u00ed \u00faklid skv\u011bl\u00e1 p\u0159\u00edle\u017eitost.Po \u00faklidu vzduchKdy\u017e u\u017e nev\u011btr\u00e1me b\u011bhem \u00faklidu, po jeho skon\u010den\u00ed bychom m\u011bli d\u016fkladn\u011b vyv\u011btrat m\u00edstnost, proto\u017ee t\u00edm pomysln\u011b vyh\u00e1n\u00edme starou energii a vpou\u0161t\u00edme novou.                                                                                                                                                                                                                                                                                                                                                                                        3.3\/5 - (6 votes)        "},{"@context":"https:\/\/schema.org\/","@type":"BreadcrumbList","itemListElement":[{"@type":"ListItem","position":1,"name":"Kdy je nejlep\u0161\u00ed doba na gener\u00e1ln\u00ed \u00faklid?","item":"https:\/\/www.krusec.cz\/kdy-je-nejlepsi-doba-na-generalni-uklid\/#breadcrumbitem"}]}]