{"@context":"https:\/\/schema.org\/","@type":"CollectionPage","@id":"https:\/\/www.krusec.cz\/byznys\/#CollectionPage","headline":"Byznys Category","description":"","url":"https:\/\/www.krusec.cz\/byznys\/","hasPart":[{"@type":"Article","@id":"https:\/\/www.krusec.cz\/kdyz-obchody-za-moc-nestoji\/","headline":"Kdy\u017e obchody za moc nestoj\u00ed","url":"https:\/\/www.krusec.cz\/kdyz-obchody-za-moc-nestoji\/","datePublished":"2023-03-03","dateModified":"2023-05-18","mainEntityOfPage":"https:\/\/www.krusec.cz\/kdyz-obchody-za-moc-nestoji\/","author":{"@type":"Person","@id":"https:\/\/www.krusec.cz\/author\/#Person","name":"","url":"https:\/\/www.krusec.cz\/author\/","identifier":1,"image":{"@type":"ImageObject","@id":"https:\/\/secure.gravatar.com\/avatar\/3c4e99fa9a9806cd5e8fd7cac6ca73ff5bbf5f3ee309e1745415eebd31482909?s=96&d=mm&r=g","url":"https:\/\/secure.gravatar.com\/avatar\/3c4e99fa9a9806cd5e8fd7cac6ca73ff5bbf5f3ee309e1745415eebd31482909?s=96&d=mm&r=g","height":96,"width":96}},"publisher":{"@type":"Organization","name":"krusec.cz","logo":{"@type":"ImageObject","@id":"\/logo.png","url":"\/logo.png","width":600,"height":60}},"image":{"@type":"ImageObject","@id":"https:\/\/www.krusec.cz\/wp-content\/uploads\/seo-4542674_960_720.png","url":"https:\/\/www.krusec.cz\/wp-content\/uploads\/seo-4542674_960_720.png","height":0,"width":0},"keywords":null},{"@type":"Article","@id":"https:\/\/www.krusec.cz\/chcete-zaujmout-hosty-na-vecirku-svatbe-nebo-oslave-zkuste-to-pojmout-netradicne\/","headline":"Chcete zaujmout hosty na ve\u010d\u00edrku, svatb\u011b nebo oslav\u011b? Zkuste to pojmout netradi\u010dn\u011b!","url":"https:\/\/www.krusec.cz\/chcete-zaujmout-hosty-na-vecirku-svatbe-nebo-oslave-zkuste-to-pojmout-netradicne\/","datePublished":"2023-02-28","dateModified":"2023-09-03","mainEntityOfPage":"https:\/\/www.krusec.cz\/chcete-zaujmout-hosty-na-vecirku-svatbe-nebo-oslave-zkuste-to-pojmout-netradicne\/","author":{"@type":"Person","@id":"https:\/\/www.krusec.cz\/author\/#Person","name":"","url":"https:\/\/www.krusec.cz\/author\/","identifier":1,"image":{"@type":"ImageObject","@id":"https:\/\/secure.gravatar.com\/avatar\/3c4e99fa9a9806cd5e8fd7cac6ca73ff5bbf5f3ee309e1745415eebd31482909?s=96&d=mm&r=g","url":"https:\/\/secure.gravatar.com\/avatar\/3c4e99fa9a9806cd5e8fd7cac6ca73ff5bbf5f3ee309e1745415eebd31482909?s=96&d=mm&r=g","height":96,"width":96}},"publisher":{"@type":"Organization","name":"krusec.cz","logo":{"@type":"ImageObject","@id":"\/logo.png","url":"\/logo.png","width":600,"height":60}},"image":{"@type":"ImageObject","@id":"https:\/\/www.krusec.cz\/wp-content\/uploads\/magic-2034144__340.jpg","url":"https:\/\/www.krusec.cz\/wp-content\/uploads\/magic-2034144__340.jpg","height":0,"width":0},"keywords":null},{"@type":"Article","@id":"https:\/\/www.krusec.cz\/k-cemu-muze-poslouzit-seo-analyza\/","headline":"K \u010demu m\u016f\u017ee poslou\u017eit SEO anal\u00fdza","url":"https:\/\/www.krusec.cz\/k-cemu-muze-poslouzit-seo-analyza\/","datePublished":"2020-07-17","dateModified":"2020-07-17","mainEntityOfPage":"https:\/\/www.krusec.cz\/k-cemu-muze-poslouzit-seo-analyza\/","author":{"@type":"Person","@id":"https:\/\/www.krusec.cz\/author\/#Person","name":"","url":"https:\/\/www.krusec.cz\/author\/","identifier":1,"image":{"@type":"ImageObject","@id":"https:\/\/secure.gravatar.com\/avatar\/3c4e99fa9a9806cd5e8fd7cac6ca73ff5bbf5f3ee309e1745415eebd31482909?s=96&d=mm&r=g","url":"https:\/\/secure.gravatar.com\/avatar\/3c4e99fa9a9806cd5e8fd7cac6ca73ff5bbf5f3ee309e1745415eebd31482909?s=96&d=mm&r=g","height":96,"width":96}},"publisher":{"@type":"Organization","name":"krusec.cz","logo":{"@type":"ImageObject","@id":"\/logo.png","url":"\/logo.png","width":600,"height":60}},"image":{"@type":"ImageObject","@id":"https:\/\/www.krusec.cz\/wp-content\/uploads\/blog1_10_3.jpg","url":"https:\/\/www.krusec.cz\/wp-content\/uploads\/blog1_10_3.jpg","height":0,"width":0},"keywords":null},{"@type":"Article","@id":"https:\/\/www.krusec.cz\/konflikt-na-pracovisti-co-s-tim\/","headline":"Konflikt na pracovi\u0161ti. Co s t\u00edm?","url":"https:\/\/www.krusec.cz\/konflikt-na-pracovisti-co-s-tim\/","datePublished":"2019-09-27","dateModified":"2019-09-27","mainEntityOfPage":"https:\/\/www.krusec.cz\/konflikt-na-pracovisti-co-s-tim\/","author":{"@type":"Person","@id":"https:\/\/www.krusec.cz\/author\/#Person","name":"","url":"https:\/\/www.krusec.cz\/author\/","identifier":1,"image":{"@type":"ImageObject","@id":"https:\/\/secure.gravatar.com\/avatar\/3c4e99fa9a9806cd5e8fd7cac6ca73ff5bbf5f3ee309e1745415eebd31482909?s=96&d=mm&r=g","url":"https:\/\/secure.gravatar.com\/avatar\/3c4e99fa9a9806cd5e8fd7cac6ca73ff5bbf5f3ee309e1745415eebd31482909?s=96&d=mm&r=g","height":96,"width":96}},"publisher":{"@type":"Organization","name":"krusec.cz","logo":{"@type":"ImageObject","@id":"\/logo.png","url":"\/logo.png","width":600,"height":60}},"image":{"@type":"ImageObject","@id":"https:\/\/www.krusec.cz\/wp-content\/uploads\/img_a355549_w3774_t1569753497.jpg","url":"https:\/\/www.krusec.cz\/wp-content\/uploads\/img_a355549_w3774_t1569753497.jpg","height":0,"width":0},"keywords":null},{"@type":"Article","@id":"https:\/\/www.krusec.cz\/vse-zalezi-na-vas\/","headline":"V\u0161e z\u00e1le\u017e\u00ed na V\u00e1s","url":"https:\/\/www.krusec.cz\/vse-zalezi-na-vas\/","datePublished":"2018-04-17","dateModified":"2018-04-17","mainEntityOfPage":"https:\/\/www.krusec.cz\/vse-zalezi-na-vas\/","author":{"@type":"Person","@id":"https:\/\/www.krusec.cz\/author\/#Person","name":"","url":"https:\/\/www.krusec.cz\/author\/","identifier":1,"image":{"@type":"ImageObject","@id":"https:\/\/secure.gravatar.com\/avatar\/3c4e99fa9a9806cd5e8fd7cac6ca73ff5bbf5f3ee309e1745415eebd31482909?s=96&d=mm&r=g","url":"https:\/\/secure.gravatar.com\/avatar\/3c4e99fa9a9806cd5e8fd7cac6ca73ff5bbf5f3ee309e1745415eebd31482909?s=96&d=mm&r=g","height":96,"width":96}},"publisher":{"@type":"Organization","name":"krusec.cz","logo":{"@type":"ImageObject","@id":"\/logo.png","url":"\/logo.png","width":600,"height":60}},"image":{"@type":"ImageObject","@id":"https:\/\/www.krusec.cz\/wp-content\/uploads\/img_a315366_w2371_t1526289352.jpg","url":"https:\/\/www.krusec.cz\/wp-content\/uploads\/img_a315366_w2371_t1526289352.jpg","height":0,"width":0},"keywords":null},{"@type":"Article","@id":"https:\/\/www.krusec.cz\/vyberte-si-to-spravne-reseni\/","headline":"Vyberte si to spr\u00e1vn\u00e9 \u0159e\u0161en\u00ed","url":"https:\/\/www.krusec.cz\/vyberte-si-to-spravne-reseni\/","datePublished":"2017-06-07","dateModified":"2017-06-07","mainEntityOfPage":"https:\/\/www.krusec.cz\/vyberte-si-to-spravne-reseni\/","author":{"@type":"Person","@id":"https:\/\/www.krusec.cz\/author\/#Person","name":"","url":"https:\/\/www.krusec.cz\/author\/","identifier":1,"image":{"@type":"ImageObject","@id":"https:\/\/secure.gravatar.com\/avatar\/3c4e99fa9a9806cd5e8fd7cac6ca73ff5bbf5f3ee309e1745415eebd31482909?s=96&d=mm&r=g","url":"https:\/\/secure.gravatar.com\/avatar\/3c4e99fa9a9806cd5e8fd7cac6ca73ff5bbf5f3ee309e1745415eebd31482909?s=96&d=mm&r=g","height":96,"width":96}},"publisher":{"@type":"Organization","name":"krusec.cz","logo":{"@type":"ImageObject","@id":"\/logo.png","url":"\/logo.png","width":600,"height":60}},"image":{"@type":"ImageObject","@id":"https:\/\/www.krusec.cz\/wp-content\/uploads\/img_a292244_w2138_t1504686033.jpg","url":"https:\/\/www.krusec.cz\/wp-content\/uploads\/img_a292244_w2138_t1504686033.jpg","height":0,"width":0},"keywords":null}]}