[{"@context":"https:\/\/schema.org\/","@type":"Article","@id":"https:\/\/www.krusec.cz\/aby-vam-slo-vsechno-hladce\/#Article","mainEntityOfPage":"https:\/\/www.krusec.cz\/aby-vam-slo-vsechno-hladce\/","headline":"Aby V\u00e1m \u0161lo v\u0161echno hladce","name":"Aby V\u00e1m \u0161lo v\u0161echno hladce","description":"\u0158\u00edzen\u00ed osobn\u00edho automobilu je pro mnoh\u00e9 velice stresuj\u00edc\u00ed z\u00e1le\u017eitost\u00ed, zvl\u00e1\u0161t\u011b pokud se n\u011b\u010demu takov\u00e9mu teprve u\u010d\u00ed, nebo ne\u0159\u00edd\u00ed zrovna \u010dasto. Pokud se chcete nau\u010dit \u0159\u00eddit [&hellip;]","datePublished":"2017-06-03","dateModified":"2017-06-03","author":{"@type":"Person","@id":"https:\/\/www.krusec.cz\/author\/#Person","name":"","url":"https:\/\/www.krusec.cz\/author\/","identifier":1,"image":{"@type":"ImageObject","@id":"https:\/\/secure.gravatar.com\/avatar\/3c4e99fa9a9806cd5e8fd7cac6ca73ff5bbf5f3ee309e1745415eebd31482909?s=96&d=mm&r=g","url":"https:\/\/secure.gravatar.com\/avatar\/3c4e99fa9a9806cd5e8fd7cac6ca73ff5bbf5f3ee309e1745415eebd31482909?s=96&d=mm&r=g","height":96,"width":96}},"publisher":{"@type":"Organization","name":"krusec.cz","logo":{"@type":"ImageObject","@id":"\/logo.png","url":"\/logo.png","width":600,"height":60}},"image":{"@type":"ImageObject","@id":"https:\/\/www.krusec.cz\/wp-content\/uploads\/img_a292307_w2176_t1504703193.jpg","url":"https:\/\/www.krusec.cz\/wp-content\/uploads\/img_a292307_w2176_t1504703193.jpg","height":0,"width":0},"url":"https:\/\/www.krusec.cz\/aby-vam-slo-vsechno-hladce\/","about":["Produkty"],"wordCount":388,"articleBody":"\u0158\u00edzen\u00ed osobn\u00edho automobilu je pro mnoh\u00e9 velice stresuj\u00edc\u00ed z\u00e1le\u017eitost\u00ed, zvl\u00e1\u0161t\u011b pokud se n\u011b\u010demu takov\u00e9mu teprve u\u010d\u00ed, nebo ne\u0159\u00edd\u00ed zrovna \u010dasto. Pokud se chcete nau\u010dit \u0159\u00eddit a r\u00e1di byste jezdili naprosto bez obav, je dobr\u00e9 se obr\u00e1tit na n\u011bkoho, kdo V\u00e1s v\u0161echno nau\u010d\u00ed a Vy se tak budete c\u00edtit za volantem naprosto sebejist\u011b a nebudete m\u00edt s ni\u010d\u00edm probl\u00e9my. Pokud \u017eijete v na\u0161em hlavn\u00edm m\u011bst\u011b nebo v jeho okol\u00ed, zaru\u010den\u011b je dobr\u00e9 vsadit na \u0159e\u0161en\u00ed, na kter\u00e9 se m\u016f\u017eete kdykoliv spolehnout. Auto\u0161kola praha je tu toti\u017e i pro V\u00e1s.  P\u0159\u00edstup, se kter\u00fdm budete spokojeni Nau\u010dit se \u0159\u00eddit nemus\u00ed b\u00fdt n\u00e1ro\u010dn\u00e9, chce to jenom v\u011bd\u011bt, na koho byste se m\u011bli obr\u00e1tit. Pokud se spolehnete na to spr\u00e1vn\u00e9 \u0159e\u0161en\u00ed, m\u016f\u017eete si b\u00fdt jist\u00ed t\u00edm, \u017ee se nau\u010d\u00edte v\u0161e pot\u0159ebn\u00e9 a \u0159\u00edzen\u00ed pro V\u00e1s bude n\u011b\u010d\u00edm bezprobl\u00e9mov\u00fdm. Nebudete si muset s ni\u010d\u00edm d\u011blat obavy, parkov\u00e1n\u00ed V\u00e1m p\u016fjde naprosto samo a za volantem se budete c\u00edtit jako doma. D\u00edky tomu tak pro V\u00e1s nebude slo\u017een\u00ed z\u00e1v\u011bre\u010dn\u00fdch zkou\u0161ek probl\u00e9m, co\u017e je pro mnoh\u00e9 skute\u010dn\u011b t\u00edm nejd\u016fle\u017eit\u011bj\u0161\u00edm. V\u017edy si tedy promyslete, na koho se vlastn\u011b obr\u00e1t\u00edte.  Zvl\u00e1dnete i provoz na\u0161eho hlavn\u00edho m\u011bsta D\u00edky pe\u010dliv\u00e9 p\u0159\u00edprav\u011b, trp\u011blivosti instruktor\u016f a dobr\u00e9mu vysv\u011btlen\u00ed, se nebudete muset ob\u00e1vat ani provozu na\u0161eho hlavn\u00edho m\u011bsta, kter\u00fd by mohl d\u011blat mnoha lidem probl\u00e9my. D\u00edky zku\u0161enostem, kter\u00e9 z\u00edsk\u00e1te b\u011bhem absolvov\u00e1n\u00ed kurzu, pro V\u00e1s nic nebude probl\u00e9m a Vy budete moct jezdit naprosto bez obav z toho, \u017ee byste se dostali do situace, se kterou byste si nev\u011bd\u011bli rady. Nav\u00edc cena takov\u00e9ho kurzu zaru\u010den\u011b nen\u00ed vysok\u00e1, a proto si s ni\u010d\u00edm nemus\u00edte d\u011blat obavy. Uvid\u00edte, \u017ee se V\u00e1m takov\u00e9 \u0159e\u0161en\u00ed bude l\u00edbit, a \u017ee se pro V\u00e1s stane \u0159\u00edzen\u00ed velice p\u0159\u00edjemnou \u010dinnost\u00ed.                                                                                                                                                                                                                                                                                                                                                                                         2.7\/5 - (3 votes)        "},{"@context":"https:\/\/schema.org\/","@type":"BreadcrumbList","itemListElement":[{"@type":"ListItem","position":1,"name":"Aby V\u00e1m \u0161lo v\u0161echno hladce","item":"https:\/\/www.krusec.cz\/aby-vam-slo-vsechno-hladce\/#breadcrumbitem"}]}]